{"id":896,"date":"2023-09-12T13:57:07","date_gmt":"2023-09-12T16:57:07","guid":{"rendered":"https:\/\/fydv.cl\/?post_type=prensa&#038;p=896"},"modified":"2023-09-12T13:58:48","modified_gmt":"2023-09-12T16:58:48","slug":"fuenzalida-y-del-valle-nominados-categoria-tax-de-chambers-and-partners","status":"publish","type":"prensa","link":"https:\/\/fydv.cl\/en\/prensa\/fuenzalida-y-del-valle-nominados-categoria-tax-de-chambers-and-partners\/","title":{"rendered":"Fuenzalida y del Valle nominados Categor\u00eda Tax de Chambers and Partners"},"content":{"rendered":"<p>Nos enorgullece compartir que Fuensalida y Del Valle Abogados ha sido destacada en Band 2, Categor\u00eda Tax de Chambers and Partners. Nuestros socios, Carolina Fuensalida y Jaime Del Valle tambi\u00e9n han sido reconocidos en esta misma categor\u00eda.<br \/>\nAgradecemos esta distinci\u00f3n y asumimos el desaf\u00edo de continuar brindando servicios integrales, dedicados y eficaces a nuestros clientes.<br \/>\nEste reconocimiento refleja nuestro compromiso constante con la excelencia y la dedicaci\u00f3n en el \u00e1mbito legal y tributario.<\/p>\n<p><iframe loading=\"lazy\" src=\"https:\/\/www.linkedin.com\/embed\/feed\/update\/urn:li:share:7103383765892149249\" height=\"684\" width=\"504\" frameborder=\"0\" allowfullscreen=\"\" title=\"Publicaci\u00f3n integrada\"><\/iframe><\/p>\n","protected":false},"featured_media":0,"parent":0,"template":"","class_list":["post-896","prensa","type-prensa","status-publish","hentry"],"yoast_head":"<!-- This site is optimized with the Yoast SEO plugin v27.5 - https:\/\/yoast.com\/product\/yoast-seo-wordpress\/ -->\n<title>Fuenzalida y del Valle nominados Categor\u00eda Tax de Chambers and Partners - Fuensalida &amp; Del Valle<\/title>\n<meta name=\"robots\" content=\"index, follow, max-snippet:-1, max-image-preview:large, max-video-preview:-1\" \/>\n<link rel=\"canonical\" href=\"https:\/\/fydv.cl\/prensa\/fuenzalida-y-del-valle-nominados-categoria-tax-de-chambers-and-partners\/\" \/>\n<meta property=\"og:locale\" content=\"en_US\" \/>\n<meta property=\"og:type\" content=\"article\" \/>\n<meta property=\"og:title\" content=\"Fuenzalida y del Valle nominados Categor\u00eda Tax de Chambers and Partners - Fuensalida &amp; Del Valle\" \/>\n<meta property=\"og:description\" content=\"Nos enorgullece compartir que Fuensalida y Del Valle Abogados ha sido destacada en Band 2, Categor\u00eda Tax de Chambers and Partners. Nuestros socios, Carolina Fuensalida y Jaime Del Valle tambi\u00e9n han sido reconocidos en esta misma categor\u00eda. Agradecemos esta distinci\u00f3n y asumimos el desaf\u00edo de continuar brindando servicios integrales, dedicados y eficaces a nuestros clientes. [&hellip;]\" \/>\n<meta property=\"og:url\" content=\"https:\/\/fydv.cl\/prensa\/fuenzalida-y-del-valle-nominados-categoria-tax-de-chambers-and-partners\/\" \/>\n<meta property=\"og:site_name\" content=\"Fuensalida &amp; Del Valle\" \/>\n<meta property=\"article:modified_time\" content=\"2023-09-12T16:58:48+00:00\" \/>\n<meta name=\"twitter:card\" content=\"summary_large_image\" \/>\n<meta name=\"twitter:label1\" content=\"Est. reading time\" \/>\n\t<meta name=\"twitter:data1\" content=\"1 minute\" \/>\n<script type=\"application\/ld+json\" class=\"yoast-schema-graph\">{\"@context\":\"https:\\\/\\\/schema.org\",\"@graph\":[{\"@type\":\"WebPage\",\"@id\":\"https:\\\/\\\/fydv.cl\\\/prensa\\\/fuenzalida-y-del-valle-nominados-categoria-tax-de-chambers-and-partners\\\/\",\"url\":\"https:\\\/\\\/fydv.cl\\\/prensa\\\/fuenzalida-y-del-valle-nominados-categoria-tax-de-chambers-and-partners\\\/\",\"name\":\"Fuenzalida y del Valle nominados Categor\u00eda Tax de Chambers and Partners - Fuensalida &amp; Del Valle\",\"isPartOf\":{\"@id\":\"https:\\\/\\\/fydv.cl\\\/#website\"},\"datePublished\":\"2023-09-12T16:57:07+00:00\",\"dateModified\":\"2023-09-12T16:58:48+00:00\",\"breadcrumb\":{\"@id\":\"https:\\\/\\\/fydv.cl\\\/prensa\\\/fuenzalida-y-del-valle-nominados-categoria-tax-de-chambers-and-partners\\\/#breadcrumb\"},\"inLanguage\":\"en-US\",\"potentialAction\":[{\"@type\":\"ReadAction\",\"target\":[\"https:\\\/\\\/fydv.cl\\\/prensa\\\/fuenzalida-y-del-valle-nominados-categoria-tax-de-chambers-and-partners\\\/\"]}]},{\"@type\":\"BreadcrumbList\",\"@id\":\"https:\\\/\\\/fydv.cl\\\/prensa\\\/fuenzalida-y-del-valle-nominados-categoria-tax-de-chambers-and-partners\\\/#breadcrumb\",\"itemListElement\":[{\"@type\":\"ListItem\",\"position\":1,\"name\":\"Portada\",\"item\":\"https:\\\/\\\/fydv.cl\\\/en\\\/home\\\/\"},{\"@type\":\"ListItem\",\"position\":2,\"name\":\"Fuenzalida y del Valle nominados Categor\u00eda Tax de Chambers and Partners\"}]},{\"@type\":\"WebSite\",\"@id\":\"https:\\\/\\\/fydv.cl\\\/#website\",\"url\":\"https:\\\/\\\/fydv.cl\\\/\",\"name\":\"Fuensalida &amp; Del Valle\",\"description\":\"Abogados\",\"publisher\":{\"@id\":\"https:\\\/\\\/fydv.cl\\\/#organization\"},\"potentialAction\":[{\"@type\":\"SearchAction\",\"target\":{\"@type\":\"EntryPoint\",\"urlTemplate\":\"https:\\\/\\\/fydv.cl\\\/?s={search_term_string}\"},\"query-input\":{\"@type\":\"PropertyValueSpecification\",\"valueRequired\":true,\"valueName\":\"search_term_string\"}}],\"inLanguage\":\"en-US\"},{\"@type\":\"Organization\",\"@id\":\"https:\\\/\\\/fydv.cl\\\/#organization\",\"name\":\"Fuensalida y Del Valle\",\"url\":\"https:\\\/\\\/fydv.cl\\\/\",\"logo\":{\"@type\":\"ImageObject\",\"inLanguage\":\"en-US\",\"@id\":\"https:\\\/\\\/fydv.cl\\\/#\\\/schema\\\/logo\\\/image\\\/\",\"url\":\"http:\\\/\\\/www.fydv.cl\\\/wp-content\\\/uploads\\\/2020\\\/08\\\/logo-fydv.png\",\"contentUrl\":\"http:\\\/\\\/www.fydv.cl\\\/wp-content\\\/uploads\\\/2020\\\/08\\\/logo-fydv.png\",\"width\":64,\"height\":41,\"caption\":\"Fuensalida y Del Valle\"},\"image\":{\"@id\":\"https:\\\/\\\/fydv.cl\\\/#\\\/schema\\\/logo\\\/image\\\/\"}}]}<\/script>\n<!-- \/ Yoast SEO plugin. -->","yoast_head_json":{"title":"Fuenzalida y del Valle nominados Categor\u00eda Tax de Chambers and Partners - Fuensalida &amp; Del Valle","robots":{"index":"index","follow":"follow","max-snippet":"max-snippet:-1","max-image-preview":"max-image-preview:large","max-video-preview":"max-video-preview:-1"},"canonical":"https:\/\/fydv.cl\/prensa\/fuenzalida-y-del-valle-nominados-categoria-tax-de-chambers-and-partners\/","og_locale":"en_US","og_type":"article","og_title":"Fuenzalida y del Valle nominados Categor\u00eda Tax de Chambers and Partners - Fuensalida &amp; Del Valle","og_description":"Nos enorgullece compartir que Fuensalida y Del Valle Abogados ha sido destacada en Band 2, Categor\u00eda Tax de Chambers and Partners. Nuestros socios, Carolina Fuensalida y Jaime Del Valle tambi\u00e9n han sido reconocidos en esta misma categor\u00eda. Agradecemos esta distinci\u00f3n y asumimos el desaf\u00edo de continuar brindando servicios integrales, dedicados y eficaces a nuestros clientes. [&hellip;]","og_url":"https:\/\/fydv.cl\/prensa\/fuenzalida-y-del-valle-nominados-categoria-tax-de-chambers-and-partners\/","og_site_name":"Fuensalida &amp; Del Valle","article_modified_time":"2023-09-12T16:58:48+00:00","twitter_card":"summary_large_image","twitter_misc":{"Est. reading time":"1 minute"},"schema":{"@context":"https:\/\/schema.org","@graph":[{"@type":"WebPage","@id":"https:\/\/fydv.cl\/prensa\/fuenzalida-y-del-valle-nominados-categoria-tax-de-chambers-and-partners\/","url":"https:\/\/fydv.cl\/prensa\/fuenzalida-y-del-valle-nominados-categoria-tax-de-chambers-and-partners\/","name":"Fuenzalida y del Valle nominados Categor\u00eda Tax de Chambers and Partners - Fuensalida &amp; Del Valle","isPartOf":{"@id":"https:\/\/fydv.cl\/#website"},"datePublished":"2023-09-12T16:57:07+00:00","dateModified":"2023-09-12T16:58:48+00:00","breadcrumb":{"@id":"https:\/\/fydv.cl\/prensa\/fuenzalida-y-del-valle-nominados-categoria-tax-de-chambers-and-partners\/#breadcrumb"},"inLanguage":"en-US","potentialAction":[{"@type":"ReadAction","target":["https:\/\/fydv.cl\/prensa\/fuenzalida-y-del-valle-nominados-categoria-tax-de-chambers-and-partners\/"]}]},{"@type":"BreadcrumbList","@id":"https:\/\/fydv.cl\/prensa\/fuenzalida-y-del-valle-nominados-categoria-tax-de-chambers-and-partners\/#breadcrumb","itemListElement":[{"@type":"ListItem","position":1,"name":"Portada","item":"https:\/\/fydv.cl\/en\/home\/"},{"@type":"ListItem","position":2,"name":"Fuenzalida y del Valle nominados Categor\u00eda Tax de Chambers and Partners"}]},{"@type":"WebSite","@id":"https:\/\/fydv.cl\/#website","url":"https:\/\/fydv.cl\/","name":"Fuensalida &amp; Del Valle","description":"Abogados","publisher":{"@id":"https:\/\/fydv.cl\/#organization"},"potentialAction":[{"@type":"SearchAction","target":{"@type":"EntryPoint","urlTemplate":"https:\/\/fydv.cl\/?s={search_term_string}"},"query-input":{"@type":"PropertyValueSpecification","valueRequired":true,"valueName":"search_term_string"}}],"inLanguage":"en-US"},{"@type":"Organization","@id":"https:\/\/fydv.cl\/#organization","name":"Fuensalida y Del Valle","url":"https:\/\/fydv.cl\/","logo":{"@type":"ImageObject","inLanguage":"en-US","@id":"https:\/\/fydv.cl\/#\/schema\/logo\/image\/","url":"http:\/\/www.fydv.cl\/wp-content\/uploads\/2020\/08\/logo-fydv.png","contentUrl":"http:\/\/www.fydv.cl\/wp-content\/uploads\/2020\/08\/logo-fydv.png","width":64,"height":41,"caption":"Fuensalida y Del Valle"},"image":{"@id":"https:\/\/fydv.cl\/#\/schema\/logo\/image\/"}}]}},"_links":{"self":[{"href":"https:\/\/fydv.cl\/en\/wp-json\/wp\/v2\/prensa\/896","targetHints":{"allow":["GET"]}}],"collection":[{"href":"https:\/\/fydv.cl\/en\/wp-json\/wp\/v2\/prensa"}],"about":[{"href":"https:\/\/fydv.cl\/en\/wp-json\/wp\/v2\/types\/prensa"}],"wp:attachment":[{"href":"https:\/\/fydv.cl\/en\/wp-json\/wp\/v2\/media?parent=896"}],"curies":[{"name":"wp","href":"https:\/\/api.w.org\/{rel}","templated":true}]}}