{"id":904,"date":"2023-09-25T11:14:43","date_gmt":"2023-09-25T14:14:43","guid":{"rendered":"https:\/\/fydv.cl\/?post_type=prensa&#038;p=904"},"modified":"2023-09-25T11:16:07","modified_gmt":"2023-09-25T14:16:07","slug":"presentacion-de-carolina-fuensalida-en-iba-rio-sobre-new-era-of-taxation","status":"publish","type":"prensa","link":"https:\/\/fydv.cl\/en\/prensa\/presentacion-de-carolina-fuensalida-en-iba-rio-sobre-new-era-of-taxation\/","title":{"rendered":"Presentaci\u00f3n de Carolina Fuensalida en IBA RIO sobre &#8220;New Era of Taxation&#8221;"},"content":{"rendered":"<p>Nuestra socia, Carolina Fuensalida, fue una expositora destacada en el Seminario IBA RIO sobre &#8220;New Era of Taxation&#8221;. Este evento de renombre internacional abord\u00f3 temas cruciales que impactan en el \u00e1mbito fiscal global.<\/p>\n<p>Carolina Fuensalida present\u00f3 una perspicaz visi\u00f3n sobre la aplicaci\u00f3n e implicancias en Chile de la aprobaci\u00f3n del reciente Pilar 2 de BEPS, que establece un acuerdo global para un impuesto m\u00ednimo del 15% en grupos multinacionales.<\/p>\n<p><iframe loading=\"lazy\" src=\"https:\/\/www.linkedin.com\/embed\/feed\/update\/urn:li:share:7110964786468675584\" height=\"642\" width=\"504\" frameborder=\"0\" allowfullscreen=\"\" title=\"Publicaci\u00f3n integrada\"><\/iframe><\/p>\n","protected":false},"featured_media":0,"parent":0,"template":"","class_list":["post-904","prensa","type-prensa","status-publish","hentry"],"yoast_head":"<!-- This site is optimized with the Yoast SEO plugin v27.4 - https:\/\/yoast.com\/product\/yoast-seo-wordpress\/ -->\n<title>Presentaci\u00f3n de Carolina Fuensalida en IBA RIO sobre &quot;New Era of Taxation&quot; - Fuensalida &amp; Del Valle<\/title>\n<meta name=\"robots\" content=\"index, follow, max-snippet:-1, max-image-preview:large, max-video-preview:-1\" \/>\n<link rel=\"canonical\" href=\"https:\/\/fydv.cl\/prensa\/presentacion-de-carolina-fuensalida-en-iba-rio-sobre-new-era-of-taxation\/\" \/>\n<meta property=\"og:locale\" content=\"en_US\" \/>\n<meta property=\"og:type\" content=\"article\" \/>\n<meta property=\"og:title\" content=\"Presentaci\u00f3n de Carolina Fuensalida en IBA RIO sobre &quot;New Era of Taxation&quot; - Fuensalida &amp; Del Valle\" \/>\n<meta property=\"og:description\" content=\"Nuestra socia, Carolina Fuensalida, fue una expositora destacada en el Seminario IBA RIO sobre &#8220;New Era of Taxation&#8221;. Este evento de renombre internacional abord\u00f3 temas cruciales que impactan en el \u00e1mbito fiscal global. Carolina Fuensalida present\u00f3 una perspicaz visi\u00f3n sobre la aplicaci\u00f3n e implicancias en Chile de la aprobaci\u00f3n del reciente Pilar 2 de BEPS, [&hellip;]\" \/>\n<meta property=\"og:url\" content=\"https:\/\/fydv.cl\/prensa\/presentacion-de-carolina-fuensalida-en-iba-rio-sobre-new-era-of-taxation\/\" \/>\n<meta property=\"og:site_name\" content=\"Fuensalida &amp; Del Valle\" \/>\n<meta property=\"article:modified_time\" content=\"2023-09-25T14:16:07+00:00\" \/>\n<meta name=\"twitter:card\" content=\"summary_large_image\" \/>\n<script type=\"application\/ld+json\" class=\"yoast-schema-graph\">{\"@context\":\"https:\\\/\\\/schema.org\",\"@graph\":[{\"@type\":\"WebPage\",\"@id\":\"https:\\\/\\\/fydv.cl\\\/prensa\\\/presentacion-de-carolina-fuensalida-en-iba-rio-sobre-new-era-of-taxation\\\/\",\"url\":\"https:\\\/\\\/fydv.cl\\\/prensa\\\/presentacion-de-carolina-fuensalida-en-iba-rio-sobre-new-era-of-taxation\\\/\",\"name\":\"Presentaci\u00f3n de Carolina Fuensalida en IBA RIO sobre \\\"New Era of Taxation\\\" - Fuensalida &amp; Del Valle\",\"isPartOf\":{\"@id\":\"https:\\\/\\\/fydv.cl\\\/#website\"},\"datePublished\":\"2023-09-25T14:14:43+00:00\",\"dateModified\":\"2023-09-25T14:16:07+00:00\",\"breadcrumb\":{\"@id\":\"https:\\\/\\\/fydv.cl\\\/prensa\\\/presentacion-de-carolina-fuensalida-en-iba-rio-sobre-new-era-of-taxation\\\/#breadcrumb\"},\"inLanguage\":\"en-US\",\"potentialAction\":[{\"@type\":\"ReadAction\",\"target\":[\"https:\\\/\\\/fydv.cl\\\/prensa\\\/presentacion-de-carolina-fuensalida-en-iba-rio-sobre-new-era-of-taxation\\\/\"]}]},{\"@type\":\"BreadcrumbList\",\"@id\":\"https:\\\/\\\/fydv.cl\\\/prensa\\\/presentacion-de-carolina-fuensalida-en-iba-rio-sobre-new-era-of-taxation\\\/#breadcrumb\",\"itemListElement\":[{\"@type\":\"ListItem\",\"position\":1,\"name\":\"Portada\",\"item\":\"https:\\\/\\\/fydv.cl\\\/en\\\/home\\\/\"},{\"@type\":\"ListItem\",\"position\":2,\"name\":\"Presentaci\u00f3n de Carolina Fuensalida en IBA RIO sobre \u00abNew Era of Taxation\u00bb\"}]},{\"@type\":\"WebSite\",\"@id\":\"https:\\\/\\\/fydv.cl\\\/#website\",\"url\":\"https:\\\/\\\/fydv.cl\\\/\",\"name\":\"Fuensalida &amp; Del Valle\",\"description\":\"Abogados\",\"publisher\":{\"@id\":\"https:\\\/\\\/fydv.cl\\\/#organization\"},\"potentialAction\":[{\"@type\":\"SearchAction\",\"target\":{\"@type\":\"EntryPoint\",\"urlTemplate\":\"https:\\\/\\\/fydv.cl\\\/?s={search_term_string}\"},\"query-input\":{\"@type\":\"PropertyValueSpecification\",\"valueRequired\":true,\"valueName\":\"search_term_string\"}}],\"inLanguage\":\"en-US\"},{\"@type\":\"Organization\",\"@id\":\"https:\\\/\\\/fydv.cl\\\/#organization\",\"name\":\"Fuensalida y Del Valle\",\"url\":\"https:\\\/\\\/fydv.cl\\\/\",\"logo\":{\"@type\":\"ImageObject\",\"inLanguage\":\"en-US\",\"@id\":\"https:\\\/\\\/fydv.cl\\\/#\\\/schema\\\/logo\\\/image\\\/\",\"url\":\"http:\\\/\\\/www.fydv.cl\\\/wp-content\\\/uploads\\\/2020\\\/08\\\/logo-fydv.png\",\"contentUrl\":\"http:\\\/\\\/www.fydv.cl\\\/wp-content\\\/uploads\\\/2020\\\/08\\\/logo-fydv.png\",\"width\":64,\"height\":41,\"caption\":\"Fuensalida y Del Valle\"},\"image\":{\"@id\":\"https:\\\/\\\/fydv.cl\\\/#\\\/schema\\\/logo\\\/image\\\/\"}}]}<\/script>\n<!-- \/ Yoast SEO plugin. -->","yoast_head_json":{"title":"Presentaci\u00f3n de Carolina Fuensalida en IBA RIO sobre \"New Era of Taxation\" - Fuensalida &amp; Del Valle","robots":{"index":"index","follow":"follow","max-snippet":"max-snippet:-1","max-image-preview":"max-image-preview:large","max-video-preview":"max-video-preview:-1"},"canonical":"https:\/\/fydv.cl\/prensa\/presentacion-de-carolina-fuensalida-en-iba-rio-sobre-new-era-of-taxation\/","og_locale":"en_US","og_type":"article","og_title":"Presentaci\u00f3n de Carolina Fuensalida en IBA RIO sobre \"New Era of Taxation\" - Fuensalida &amp; Del Valle","og_description":"Nuestra socia, Carolina Fuensalida, fue una expositora destacada en el Seminario IBA RIO sobre &#8220;New Era of Taxation&#8221;. Este evento de renombre internacional abord\u00f3 temas cruciales que impactan en el \u00e1mbito fiscal global. Carolina Fuensalida present\u00f3 una perspicaz visi\u00f3n sobre la aplicaci\u00f3n e implicancias en Chile de la aprobaci\u00f3n del reciente Pilar 2 de BEPS, [&hellip;]","og_url":"https:\/\/fydv.cl\/prensa\/presentacion-de-carolina-fuensalida-en-iba-rio-sobre-new-era-of-taxation\/","og_site_name":"Fuensalida &amp; Del Valle","article_modified_time":"2023-09-25T14:16:07+00:00","twitter_card":"summary_large_image","schema":{"@context":"https:\/\/schema.org","@graph":[{"@type":"WebPage","@id":"https:\/\/fydv.cl\/prensa\/presentacion-de-carolina-fuensalida-en-iba-rio-sobre-new-era-of-taxation\/","url":"https:\/\/fydv.cl\/prensa\/presentacion-de-carolina-fuensalida-en-iba-rio-sobre-new-era-of-taxation\/","name":"Presentaci\u00f3n de Carolina Fuensalida en IBA RIO sobre \"New Era of Taxation\" - Fuensalida &amp; Del Valle","isPartOf":{"@id":"https:\/\/fydv.cl\/#website"},"datePublished":"2023-09-25T14:14:43+00:00","dateModified":"2023-09-25T14:16:07+00:00","breadcrumb":{"@id":"https:\/\/fydv.cl\/prensa\/presentacion-de-carolina-fuensalida-en-iba-rio-sobre-new-era-of-taxation\/#breadcrumb"},"inLanguage":"en-US","potentialAction":[{"@type":"ReadAction","target":["https:\/\/fydv.cl\/prensa\/presentacion-de-carolina-fuensalida-en-iba-rio-sobre-new-era-of-taxation\/"]}]},{"@type":"BreadcrumbList","@id":"https:\/\/fydv.cl\/prensa\/presentacion-de-carolina-fuensalida-en-iba-rio-sobre-new-era-of-taxation\/#breadcrumb","itemListElement":[{"@type":"ListItem","position":1,"name":"Portada","item":"https:\/\/fydv.cl\/en\/home\/"},{"@type":"ListItem","position":2,"name":"Presentaci\u00f3n de Carolina Fuensalida en IBA RIO sobre \u00abNew Era of Taxation\u00bb"}]},{"@type":"WebSite","@id":"https:\/\/fydv.cl\/#website","url":"https:\/\/fydv.cl\/","name":"Fuensalida &amp; Del Valle","description":"Abogados","publisher":{"@id":"https:\/\/fydv.cl\/#organization"},"potentialAction":[{"@type":"SearchAction","target":{"@type":"EntryPoint","urlTemplate":"https:\/\/fydv.cl\/?s={search_term_string}"},"query-input":{"@type":"PropertyValueSpecification","valueRequired":true,"valueName":"search_term_string"}}],"inLanguage":"en-US"},{"@type":"Organization","@id":"https:\/\/fydv.cl\/#organization","name":"Fuensalida y Del Valle","url":"https:\/\/fydv.cl\/","logo":{"@type":"ImageObject","inLanguage":"en-US","@id":"https:\/\/fydv.cl\/#\/schema\/logo\/image\/","url":"http:\/\/www.fydv.cl\/wp-content\/uploads\/2020\/08\/logo-fydv.png","contentUrl":"http:\/\/www.fydv.cl\/wp-content\/uploads\/2020\/08\/logo-fydv.png","width":64,"height":41,"caption":"Fuensalida y Del Valle"},"image":{"@id":"https:\/\/fydv.cl\/#\/schema\/logo\/image\/"}}]}},"_links":{"self":[{"href":"https:\/\/fydv.cl\/en\/wp-json\/wp\/v2\/prensa\/904","targetHints":{"allow":["GET"]}}],"collection":[{"href":"https:\/\/fydv.cl\/en\/wp-json\/wp\/v2\/prensa"}],"about":[{"href":"https:\/\/fydv.cl\/en\/wp-json\/wp\/v2\/types\/prensa"}],"wp:attachment":[{"href":"https:\/\/fydv.cl\/en\/wp-json\/wp\/v2\/media?parent=904"}],"curies":[{"name":"wp","href":"https:\/\/api.w.org\/{rel}","templated":true}]}}