{"id":943,"date":"2024-07-22T10:28:07","date_gmt":"2024-07-22T14:28:07","guid":{"rendered":"https:\/\/fydv.cl\/prensa\/16th-annual-us-and-latin-america-tax-practice-trends-conference\/"},"modified":"2024-07-22T10:28:07","modified_gmt":"2024-07-22T14:28:07","slug":"16th-annual-us-and-latin-america-tax-practice-trends-conference","status":"publish","type":"prensa","link":"https:\/\/fydv.cl\/en\/prensa\/16th-annual-us-and-latin-america-tax-practice-trends-conference\/","title":{"rendered":"16th Annual US and Latin America Tax Practice Trends Conference"},"content":{"rendered":"<p>Nuestra socia Trinidad Fern\u00e1ndez Gurruchaga particip\u00f3 como panelista en la 16th Annual US and Latin America Tax Practice Trends Conference. Trinidad comparti\u00f3 su experiencia en el panel titulado &#8220;Workers and Executives without Borders &#8211; Traps and Opportunities for Mobile Workforce&#8221;. Junto a destacados panelistas como Guadalupe D\u00edaz-S\u00fanico, Jack Bernstein, Stanley C. Ruchelman, Ramon Orendain y Ana Luiza I. de S. Martins. <iframe loading=\"lazy\" src=\"https:\/\/www.linkedin.com\/embed\/feed\/update\/urn:li:share:7211414711215484928\" height=\"816\" width=\"504\" frameborder=\"0\" allowfullscreen=\"\" title=\"Publicaci\u00f3n integrada\"><\/iframe><\/p>\n","protected":false},"featured_media":0,"parent":0,"template":"","class_list":["post-943","prensa","type-prensa","status-publish","hentry"],"yoast_head":"<!-- This site is optimized with the Yoast SEO plugin v27.5 - https:\/\/yoast.com\/product\/yoast-seo-wordpress\/ -->\n<title>16th Annual US and Latin America Tax Practice Trends Conference - Fuensalida &amp; Del Valle<\/title>\n<meta name=\"robots\" content=\"index, follow, max-snippet:-1, max-image-preview:large, max-video-preview:-1\" \/>\n<link rel=\"canonical\" href=\"https:\/\/fydv.cl\/prensa\/16th-annual-us-and-latin-america-tax-practice-trends-conference\/\" \/>\n<meta property=\"og:locale\" content=\"en_US\" \/>\n<meta property=\"og:type\" content=\"article\" \/>\n<meta property=\"og:title\" content=\"16th Annual US and Latin America Tax Practice Trends Conference - Fuensalida &amp; Del Valle\" \/>\n<meta property=\"og:description\" content=\"Nuestra socia Trinidad Fern\u00e1ndez Gurruchaga particip\u00f3 como panelista en la 16th Annual US and Latin America Tax Practice Trends Conference. Trinidad comparti\u00f3 su experiencia en el panel titulado &#8220;Workers and Executives without Borders &#8211; Traps and Opportunities for Mobile Workforce&#8221;. Junto a destacados panelistas como Guadalupe D\u00edaz-S\u00fanico, Jack Bernstein, Stanley C. Ruchelman, Ramon Orendain y [&hellip;]\" \/>\n<meta property=\"og:url\" content=\"https:\/\/fydv.cl\/prensa\/16th-annual-us-and-latin-america-tax-practice-trends-conference\/\" \/>\n<meta property=\"og:site_name\" content=\"Fuensalida &amp; Del Valle\" \/>\n<meta name=\"twitter:card\" content=\"summary_large_image\" \/>\n<script type=\"application\/ld+json\" class=\"yoast-schema-graph\">{\"@context\":\"https:\\\/\\\/schema.org\",\"@graph\":[{\"@type\":\"WebPage\",\"@id\":\"https:\\\/\\\/fydv.cl\\\/prensa\\\/16th-annual-us-and-latin-america-tax-practice-trends-conference\\\/\",\"url\":\"https:\\\/\\\/fydv.cl\\\/prensa\\\/16th-annual-us-and-latin-america-tax-practice-trends-conference\\\/\",\"name\":\"16th Annual US and Latin America Tax Practice Trends Conference - Fuensalida &amp; Del Valle\",\"isPartOf\":{\"@id\":\"https:\\\/\\\/fydv.cl\\\/#website\"},\"datePublished\":\"2024-07-22T14:28:07+00:00\",\"breadcrumb\":{\"@id\":\"https:\\\/\\\/fydv.cl\\\/prensa\\\/16th-annual-us-and-latin-america-tax-practice-trends-conference\\\/#breadcrumb\"},\"inLanguage\":\"en-US\",\"potentialAction\":[{\"@type\":\"ReadAction\",\"target\":[\"https:\\\/\\\/fydv.cl\\\/prensa\\\/16th-annual-us-and-latin-america-tax-practice-trends-conference\\\/\"]}]},{\"@type\":\"BreadcrumbList\",\"@id\":\"https:\\\/\\\/fydv.cl\\\/prensa\\\/16th-annual-us-and-latin-america-tax-practice-trends-conference\\\/#breadcrumb\",\"itemListElement\":[{\"@type\":\"ListItem\",\"position\":1,\"name\":\"Portada\",\"item\":\"https:\\\/\\\/fydv.cl\\\/en\\\/home\\\/\"},{\"@type\":\"ListItem\",\"position\":2,\"name\":\"16th Annual US and Latin America Tax Practice Trends Conference\"}]},{\"@type\":\"WebSite\",\"@id\":\"https:\\\/\\\/fydv.cl\\\/#website\",\"url\":\"https:\\\/\\\/fydv.cl\\\/\",\"name\":\"Fuensalida &amp; Del Valle\",\"description\":\"Abogados\",\"publisher\":{\"@id\":\"https:\\\/\\\/fydv.cl\\\/#organization\"},\"potentialAction\":[{\"@type\":\"SearchAction\",\"target\":{\"@type\":\"EntryPoint\",\"urlTemplate\":\"https:\\\/\\\/fydv.cl\\\/?s={search_term_string}\"},\"query-input\":{\"@type\":\"PropertyValueSpecification\",\"valueRequired\":true,\"valueName\":\"search_term_string\"}}],\"inLanguage\":\"en-US\"},{\"@type\":\"Organization\",\"@id\":\"https:\\\/\\\/fydv.cl\\\/#organization\",\"name\":\"Fuensalida y Del Valle\",\"url\":\"https:\\\/\\\/fydv.cl\\\/\",\"logo\":{\"@type\":\"ImageObject\",\"inLanguage\":\"en-US\",\"@id\":\"https:\\\/\\\/fydv.cl\\\/#\\\/schema\\\/logo\\\/image\\\/\",\"url\":\"http:\\\/\\\/www.fydv.cl\\\/wp-content\\\/uploads\\\/2020\\\/08\\\/logo-fydv.png\",\"contentUrl\":\"http:\\\/\\\/www.fydv.cl\\\/wp-content\\\/uploads\\\/2020\\\/08\\\/logo-fydv.png\",\"width\":64,\"height\":41,\"caption\":\"Fuensalida y Del Valle\"},\"image\":{\"@id\":\"https:\\\/\\\/fydv.cl\\\/#\\\/schema\\\/logo\\\/image\\\/\"}}]}<\/script>\n<!-- \/ Yoast SEO plugin. -->","yoast_head_json":{"title":"16th Annual US and Latin America Tax Practice Trends Conference - Fuensalida &amp; Del Valle","robots":{"index":"index","follow":"follow","max-snippet":"max-snippet:-1","max-image-preview":"max-image-preview:large","max-video-preview":"max-video-preview:-1"},"canonical":"https:\/\/fydv.cl\/prensa\/16th-annual-us-and-latin-america-tax-practice-trends-conference\/","og_locale":"en_US","og_type":"article","og_title":"16th Annual US and Latin America Tax Practice Trends Conference - Fuensalida &amp; Del Valle","og_description":"Nuestra socia Trinidad Fern\u00e1ndez Gurruchaga particip\u00f3 como panelista en la 16th Annual US and Latin America Tax Practice Trends Conference. Trinidad comparti\u00f3 su experiencia en el panel titulado &#8220;Workers and Executives without Borders &#8211; Traps and Opportunities for Mobile Workforce&#8221;. Junto a destacados panelistas como Guadalupe D\u00edaz-S\u00fanico, Jack Bernstein, Stanley C. Ruchelman, Ramon Orendain y [&hellip;]","og_url":"https:\/\/fydv.cl\/prensa\/16th-annual-us-and-latin-america-tax-practice-trends-conference\/","og_site_name":"Fuensalida &amp; Del Valle","twitter_card":"summary_large_image","schema":{"@context":"https:\/\/schema.org","@graph":[{"@type":"WebPage","@id":"https:\/\/fydv.cl\/prensa\/16th-annual-us-and-latin-america-tax-practice-trends-conference\/","url":"https:\/\/fydv.cl\/prensa\/16th-annual-us-and-latin-america-tax-practice-trends-conference\/","name":"16th Annual US and Latin America Tax Practice Trends Conference - Fuensalida &amp; Del Valle","isPartOf":{"@id":"https:\/\/fydv.cl\/#website"},"datePublished":"2024-07-22T14:28:07+00:00","breadcrumb":{"@id":"https:\/\/fydv.cl\/prensa\/16th-annual-us-and-latin-america-tax-practice-trends-conference\/#breadcrumb"},"inLanguage":"en-US","potentialAction":[{"@type":"ReadAction","target":["https:\/\/fydv.cl\/prensa\/16th-annual-us-and-latin-america-tax-practice-trends-conference\/"]}]},{"@type":"BreadcrumbList","@id":"https:\/\/fydv.cl\/prensa\/16th-annual-us-and-latin-america-tax-practice-trends-conference\/#breadcrumb","itemListElement":[{"@type":"ListItem","position":1,"name":"Portada","item":"https:\/\/fydv.cl\/en\/home\/"},{"@type":"ListItem","position":2,"name":"16th Annual US and Latin America Tax Practice Trends Conference"}]},{"@type":"WebSite","@id":"https:\/\/fydv.cl\/#website","url":"https:\/\/fydv.cl\/","name":"Fuensalida &amp; Del Valle","description":"Abogados","publisher":{"@id":"https:\/\/fydv.cl\/#organization"},"potentialAction":[{"@type":"SearchAction","target":{"@type":"EntryPoint","urlTemplate":"https:\/\/fydv.cl\/?s={search_term_string}"},"query-input":{"@type":"PropertyValueSpecification","valueRequired":true,"valueName":"search_term_string"}}],"inLanguage":"en-US"},{"@type":"Organization","@id":"https:\/\/fydv.cl\/#organization","name":"Fuensalida y Del Valle","url":"https:\/\/fydv.cl\/","logo":{"@type":"ImageObject","inLanguage":"en-US","@id":"https:\/\/fydv.cl\/#\/schema\/logo\/image\/","url":"http:\/\/www.fydv.cl\/wp-content\/uploads\/2020\/08\/logo-fydv.png","contentUrl":"http:\/\/www.fydv.cl\/wp-content\/uploads\/2020\/08\/logo-fydv.png","width":64,"height":41,"caption":"Fuensalida y Del Valle"},"image":{"@id":"https:\/\/fydv.cl\/#\/schema\/logo\/image\/"}}]}},"_links":{"self":[{"href":"https:\/\/fydv.cl\/en\/wp-json\/wp\/v2\/prensa\/943","targetHints":{"allow":["GET"]}}],"collection":[{"href":"https:\/\/fydv.cl\/en\/wp-json\/wp\/v2\/prensa"}],"about":[{"href":"https:\/\/fydv.cl\/en\/wp-json\/wp\/v2\/types\/prensa"}],"wp:attachment":[{"href":"https:\/\/fydv.cl\/en\/wp-json\/wp\/v2\/media?parent=943"}],"curies":[{"name":"wp","href":"https:\/\/api.w.org\/{rel}","templated":true}]}}